{"id":31224,"date":"2023-03-04T17:09:08","date_gmt":"2023-03-04T16:09:08","guid":{"rendered":"https:\/\/www.bliblidressing.ch\/ethical-fashion-show-6-0-%f0%9f%8c%b1%f0%9f%91%97\/"},"modified":"2023-03-04T17:22:53","modified_gmt":"2023-03-04T16:22:53","slug":"ethical-fashion-show-6-0-%f0%9f%8c%b1%f0%9f%91%97","status":"publish","type":"post","link":"https:\/\/www.bliblidressing.ch\/fr\/ethical-fashion-show-6-0-%f0%9f%8c%b1%f0%9f%91%97\/","title":{"rendered":"Ethical Fashion Show 6.0 \ud83c\udf31\ud83d\udc57"},"content":{"rendered":"\n<figure class=\"wp-block-image size-large is-resized\"><img loading=\"lazy\" decoding=\"async\" src=\"https:\/\/www.bliblidressing.ch\/wp-content\/uploads\/2023\/03\/Propositions-82-724x1024.png\" alt=\"\" class=\"wp-image-31215\" width=\"373\" height=\"527\"\/><\/figure>\n<p>Les 16 et 17 mars, nous participons \u00e0 la 6e \u00e9dition de l&rsquo;<a href=\"https:\/\/www.oikos-lausanne.com\/ethical-fashion-show\/\" data-type=\"URL\" data-id=\"https:\/\/www.oikos-lausanne.com\/ethical-fashion-show\/\" target=\"_blank\" rel=\"noreferrer noopener\">Ethical Fashion Show<\/a> organis\u00e9 par <a href=\"https:\/\/www.oikos-lausanne.com\/\" data-type=\"URL\" data-id=\"https:\/\/www.oikos-lausanne.com\/\" target=\"_blank\" rel=\"noreferrer noopener\">Oikos<\/a> \ud83c\udf31.<\/p>\n\n<p>Lors de cet \u00e9v\u00e8nement nous allons pr\u00e9senter le sujet de la seconde main, expliquer pourquoi c\u2019est un outil indispensable pour la pr\u00e9servation du climat et briser quelques mythes \u00e0 ce sujet. Nous allons \u00e9galement vous donner quelques tips sur o\u00f9 et comment trouver des habits de seconde main et vous donner un avant-go\u00fbt de notre application ! \ud83d\ude09<\/p>\n\n<p>\ud83e\udd14 La seconde main c&rsquo;est vraiment bien pour la plan\u00e8te ?<br\/>\ud83e\udd37 Est-ce que \u00e7a vaut la peine de revendre ses habits de Fast Fashion ?<br\/>\ud83d\ude05 C&rsquo;est quoi la diff\u00e9rence entre \u00ab\u00a0friperie\u00a0\u00bb et \u00ab\u00a0vintage\u00a0\u00bb et c&rsquo;est quoi un d\u00e9p\u00f4t-vente ?<\/p>\n\n<p>Je vais r\u00e9pondre \u00e0 toutes ces questions et encore plein d&rsquo;autres. Venez nombreux pour apprendre plus sur la seconde main et d\u00e9couvrir la mode \u00e9thique et \u00e9co-responsable !<\/p>\n\n<p>Merci beaucoup \u00e0 Oikos pour ce super \u00e9v\u00e8nement ! Nous avons h\u00e2te de tous vous rencontrer et de pouvoir pr\u00e9senter la seconde main au grand public ! \ud83d\ude01\ud83d\ude4c<\/p>\n\n<p>\ud83d\udc49 <a href=\"https:\/\/docs.google.com\/forms\/d\/e\/1FAIpQLSdxnX88TUUrQQXwbsvZIJNYP0JkNmoYcYv6fJk9-aqD6IG5IQ\/viewform\" target=\"_blank\" data-type=\"URL\" data-id=\"https:\/\/docs.google.com\/forms\/d\/e\/1FAIpQLSdxnX88TUUrQQXwbsvZIJNYP0JkNmoYcYv6fJk9-aqD6IG5IQ\/viewform\" rel=\"noreferrer noopener\">Lien pour s&rsquo;enreigistrer<\/a> \ud83d\udc48<\/p>\n","protected":false},"excerpt":{"rendered":"<p>Les 16 et 17 mars, nous participons \u00e0 la 6e \u00e9dition de l&rsquo;Ethical Fashion Show organis\u00e9 par Oikos \ud83c\udf31. Lors de cet \u00e9v\u00e8nement nous allons pr\u00e9senter le sujet de la seconde main, expliquer pourquoi c\u2019est un outil indispensable pour la pr\u00e9servation du climat et briser quelques mythes \u00e0 ce sujet. Nous allons \u00e9galement vous donner [&hellip;]<\/p>\n","protected":false},"author":2,"featured_media":31220,"comment_status":"open","ping_status":"open","sticky":false,"template":"","format":"standard","meta":{"_et_pb_use_builder":"off","_et_pb_old_content":"","_et_gb_content_width":"","content-type":"","footnotes":""},"categories":[10],"tags":[],"class_list":["post-31224","post","type-post","status-publish","format-standard","has-post-thumbnail","hentry","category-non-classifiee"],"_links":{"self":[{"href":"https:\/\/www.bliblidressing.ch\/fr\/wp-json\/wp\/v2\/posts\/31224","targetHints":{"allow":["GET"]}}],"collection":[{"href":"https:\/\/www.bliblidressing.ch\/fr\/wp-json\/wp\/v2\/posts"}],"about":[{"href":"https:\/\/www.bliblidressing.ch\/fr\/wp-json\/wp\/v2\/types\/post"}],"author":[{"embeddable":true,"href":"https:\/\/www.bliblidressing.ch\/fr\/wp-json\/wp\/v2\/users\/2"}],"replies":[{"embeddable":true,"href":"https:\/\/www.bliblidressing.ch\/fr\/wp-json\/wp\/v2\/comments?post=31224"}],"version-history":[{"count":0,"href":"https:\/\/www.bliblidressing.ch\/fr\/wp-json\/wp\/v2\/posts\/31224\/revisions"}],"wp:featuredmedia":[{"embeddable":true,"href":"https:\/\/www.bliblidressing.ch\/fr\/wp-json\/wp\/v2\/media\/31220"}],"wp:attachment":[{"href":"https:\/\/www.bliblidressing.ch\/fr\/wp-json\/wp\/v2\/media?parent=31224"}],"wp:term":[{"taxonomy":"category","embeddable":true,"href":"https:\/\/www.bliblidressing.ch\/fr\/wp-json\/wp\/v2\/categories?post=31224"},{"taxonomy":"post_tag","embeddable":true,"href":"https:\/\/www.bliblidressing.ch\/fr\/wp-json\/wp\/v2\/tags?post=31224"}],"curies":[{"name":"wp","href":"https:\/\/api.w.org\/{rel}","templated":true}]}}